{"id":412,"date":"2021-09-10T21:26:43","date_gmt":"2021-09-10T19:26:43","guid":{"rendered":"https:\/\/fleursdepave.fr\/?p=412"},"modified":"2021-10-21T13:31:45","modified_gmt":"2021-10-21T11:31:45","slug":"le-jardin-ephemere-de-fleurs-de-pave-laureat","status":"publish","type":"post","link":"https:\/\/fleursdepave.fr\/?p=412","title":{"rendered":"Le jardin \u00e9ph\u00e9m\u00e8re de Fleurs de pav\u00e9 laur\u00e9at !"},"content":{"rendered":"\n<figure class=\"wp-block-image size-large\"><img loading=\"lazy\" width=\"1024\" height=\"485\" src=\"http:\/\/fleursdepave.fr\/wp-content\/uploads\/2021\/10\/IMG_20210828_150101999-1024x485.jpg\" alt=\"\" class=\"wp-image-445\" srcset=\"https:\/\/fleursdepave.fr\/wp-content\/uploads\/2021\/10\/IMG_20210828_150101999-1024x485.jpg 1024w, https:\/\/fleursdepave.fr\/wp-content\/uploads\/2021\/10\/IMG_20210828_150101999-300x142.jpg 300w, https:\/\/fleursdepave.fr\/wp-content\/uploads\/2021\/10\/IMG_20210828_150101999-768x364.jpg 768w, https:\/\/fleursdepave.fr\/wp-content\/uploads\/2021\/10\/IMG_20210828_150101999-1536x728.jpg 1536w, https:\/\/fleursdepave.fr\/wp-content\/uploads\/2021\/10\/IMG_20210828_150101999-2048x970.jpg 2048w\" sizes=\"(max-width: 1024px) 100vw, 1024px\" \/><\/figure>\n\n\n\n<p>&nbsp;Jardins \u00e9ph\u00e9m\u00e8res | Prochain arr\u00eat, le hangar de Vannes ! Un jardin inspir\u00e9 de la gare avec 4 stations, 4 oasis de fleurs ou l&rsquo;on peut circuler et contempler le travail de l\u2019association Fleurs de pav\u00e9, cr\u00e9\u00e9e sous l\u2019\u00e9gide du Conseil de Quartier Nord Gare.<\/p>\n\n\n\n<p>L\u2019association a re\u00e7u 35.2% des suffrages des lecteurs de Ouest France en partenariat avec la ville de Vannes, soit 4551 personnes. De nombreuses heures de b\u00e9n\u00e9volat r\u00e9compens\u00e9es par ce score sans appel.<\/p>\n\n\n\n<p>Bravo \u00e0 toutes et \u00e0 tous !<\/p>\n\n\n\n<p><a href=\"https:\/\/www.facebook.com\/watch\/?v=930668427778127\">https:\/\/www.facebook.com\/watch\/?v=930668427778127<\/a><\/p>\n\n\n\n<p><a href=\"https:\/\/www.mairie-vannes.fr\/jardins-ephemeres\/\">https:\/\/www.mairie-vannes.fr\/jardins-ephemeres\/<\/a><\/p>\n","protected":false},"excerpt":{"rendered":"<p>&nbsp;Jardins \u00e9ph\u00e9m\u00e8res | Prochain arr\u00eat, le hangar de Vannes ! Un jardin inspir\u00e9 de la gare avec 4 stations, 4 oasis de fleurs ou l&rsquo;on peut circuler et contempler le travail de l\u2019association Fleurs de pav\u00e9, cr\u00e9\u00e9e sous l\u2019\u00e9gide du Conseil de Quartier Nord Gare. L\u2019association a re\u00e7u 35.2% des suffrages des lecteurs de Ouest<br \/><a class=\"moretag\" href=\"https:\/\/fleursdepave.fr\/?p=412\">+ Read More<\/a><\/p>\n","protected":false},"author":1,"featured_media":0,"comment_status":"open","ping_status":"open","sticky":false,"template":"","format":"standard","meta":[],"categories":[5],"tags":[],"_links":{"self":[{"href":"https:\/\/fleursdepave.fr\/index.php?rest_route=\/wp\/v2\/posts\/412"}],"collection":[{"href":"https:\/\/fleursdepave.fr\/index.php?rest_route=\/wp\/v2\/posts"}],"about":[{"href":"https:\/\/fleursdepave.fr\/index.php?rest_route=\/wp\/v2\/types\/post"}],"author":[{"embeddable":true,"href":"https:\/\/fleursdepave.fr\/index.php?rest_route=\/wp\/v2\/users\/1"}],"replies":[{"embeddable":true,"href":"https:\/\/fleursdepave.fr\/index.php?rest_route=%2Fwp%2Fv2%2Fcomments&post=412"}],"version-history":[{"count":3,"href":"https:\/\/fleursdepave.fr\/index.php?rest_route=\/wp\/v2\/posts\/412\/revisions"}],"predecessor-version":[{"id":447,"href":"https:\/\/fleursdepave.fr\/index.php?rest_route=\/wp\/v2\/posts\/412\/revisions\/447"}],"wp:attachment":[{"href":"https:\/\/fleursdepave.fr\/index.php?rest_route=%2Fwp%2Fv2%2Fmedia&parent=412"}],"wp:term":[{"taxonomy":"category","embeddable":true,"href":"https:\/\/fleursdepave.fr\/index.php?rest_route=%2Fwp%2Fv2%2Fcategories&post=412"},{"taxonomy":"post_tag","embeddable":true,"href":"https:\/\/fleursdepave.fr\/index.php?rest_route=%2Fwp%2Fv2%2Ftags&post=412"}],"curies":[{"name":"wp","href":"https:\/\/api.w.org\/{rel}","templated":true}]}}