{"id":287,"date":"2020-06-09T10:57:31","date_gmt":"2020-06-09T08:57:31","guid":{"rendered":"http:\/\/fleursdepave.fr\/?p=287"},"modified":"2020-06-17T21:00:08","modified_gmt":"2020-06-17T19:00:08","slug":"lancement-du-jardin-ephemere-de-la-coulee-verte","status":"publish","type":"post","link":"https:\/\/fleursdepave.fr\/?p=287","title":{"rendered":"Lancement du jardin \u00e9ph\u00e9m\u00e8re de la coul\u00e9e verte"},"content":{"rendered":"\n<p><a href=\"https:\/\/www.letelegramme.fr\/morbihan\/vannes\/a-vannes-une-dizaine-de-jardins-ephemeres-sortent-de-terre-14-06-2020-12565912.php\">Article de T\u00e9l\u00e9gramme<\/a><\/p>\n\n\n\n<p>Les Jardins Eph\u00e9m\u00e8res, offrent une<br>balade v\u00e9g\u00e9tale dans le c\u0153ur historique et les quartiers de Vannes, <br>Une initiative qui restera comme une premi\u00e8re en France, concept repris aujourd\u2019hui par d\u2019autres villes.<\/p>\n\n\n\n<p>Les membres de l&rsquo;association Fleurs de pav\u00e9 ont lanc\u00e9s la cr\u00e9ation d&rsquo;un jardin \u00e9ph\u00e9m\u00e8re dans le quartier Nord-Gare. <\/p>\n\n\n\n<p>Si vous souhaitez participer \u00e0 cette aventure ou simplement encourager ce projet n&rsquo;h\u00e9sitez pas \u00e0 nous contacter via le formulaire : <a href=\"http:\/\/fleursdepave.fr\/?page_id=15\">http:\/\/fleursdepave.fr\/?page_id=15<\/a><\/p>\n\n\n\n<figure class=\"wp-block-image size-large\"><img loading=\"lazy\" width=\"1024\" height=\"683\" src=\"http:\/\/fleursdepave.fr\/wp-content\/uploads\/2020\/06\/jardin_ephemere_r2-1024x683.jpg\" alt=\"\" class=\"wp-image-305\" srcset=\"https:\/\/fleursdepave.fr\/wp-content\/uploads\/2020\/06\/jardin_ephemere_r2-1024x683.jpg 1024w, https:\/\/fleursdepave.fr\/wp-content\/uploads\/2020\/06\/jardin_ephemere_r2-300x200.jpg 300w, https:\/\/fleursdepave.fr\/wp-content\/uploads\/2020\/06\/jardin_ephemere_r2-768x512.jpg 768w, https:\/\/fleursdepave.fr\/wp-content\/uploads\/2020\/06\/jardin_ephemere_r2.jpg 1331w\" sizes=\"(max-width: 1024px) 100vw, 1024px\" \/><\/figure>\n\n\n\n<figure class=\"wp-block-image size-large\"><img loading=\"lazy\" width=\"1024\" height=\"683\" src=\"http:\/\/fleursdepave.fr\/wp-content\/uploads\/2020\/06\/jardin_ephemere_r-1024x683.jpg\" alt=\"\" class=\"wp-image-306\" srcset=\"https:\/\/fleursdepave.fr\/wp-content\/uploads\/2020\/06\/jardin_ephemere_r-1024x683.jpg 1024w, https:\/\/fleursdepave.fr\/wp-content\/uploads\/2020\/06\/jardin_ephemere_r-300x200.jpg 300w, https:\/\/fleursdepave.fr\/wp-content\/uploads\/2020\/06\/jardin_ephemere_r-768x512.jpg 768w, https:\/\/fleursdepave.fr\/wp-content\/uploads\/2020\/06\/jardin_ephemere_r.jpg 1331w\" sizes=\"(max-width: 1024px) 100vw, 1024px\" \/><\/figure>\n\n\n\n<figure class=\"wp-block-image size-large\"><img loading=\"lazy\" width=\"421\" height=\"888\" src=\"http:\/\/fleursdepave.fr\/wp-content\/uploads\/2020\/06\/t1.jpg\" alt=\"\" class=\"wp-image-291\" srcset=\"https:\/\/fleursdepave.fr\/wp-content\/uploads\/2020\/06\/t1.jpg 421w, https:\/\/fleursdepave.fr\/wp-content\/uploads\/2020\/06\/t1-142x300.jpg 142w\" sizes=\"(max-width: 421px) 100vw, 421px\" \/><\/figure>\n\n\n\n<p><\/p>\n\n\n\n<p><\/p>\n\n\n\n<figure class=\"wp-block-image size-large\"><img loading=\"lazy\" width=\"421\" height=\"888\" src=\"http:\/\/fleursdepave.fr\/wp-content\/uploads\/2020\/06\/t2.jpg\" alt=\"\" class=\"wp-image-292\" srcset=\"https:\/\/fleursdepave.fr\/wp-content\/uploads\/2020\/06\/t2.jpg 421w, https:\/\/fleursdepave.fr\/wp-content\/uploads\/2020\/06\/t2-142x300.jpg 142w\" sizes=\"(max-width: 421px) 100vw, 421px\" \/><\/figure>\n\n\n\n<figure class=\"wp-block-image size-large\"><img loading=\"lazy\" width=\"421\" height=\"888\" src=\"http:\/\/fleursdepave.fr\/wp-content\/uploads\/2020\/06\/t3.jpg\" alt=\"\" class=\"wp-image-293\" srcset=\"https:\/\/fleursdepave.fr\/wp-content\/uploads\/2020\/06\/t3.jpg 421w, https:\/\/fleursdepave.fr\/wp-content\/uploads\/2020\/06\/t3-142x300.jpg 142w\" sizes=\"(max-width: 421px) 100vw, 421px\" \/><\/figure>\n\n\n\n<figure class=\"wp-block-image size-large\"><img loading=\"lazy\" width=\"421\" height=\"888\" src=\"http:\/\/fleursdepave.fr\/wp-content\/uploads\/2020\/06\/t4.jpg\" alt=\"\" class=\"wp-image-294\" srcset=\"https:\/\/fleursdepave.fr\/wp-content\/uploads\/2020\/06\/t4.jpg 421w, https:\/\/fleursdepave.fr\/wp-content\/uploads\/2020\/06\/t4-142x300.jpg 142w\" sizes=\"(max-width: 421px) 100vw, 421px\" \/><\/figure>\n\n\n\n<figure class=\"wp-block-image size-large\"><img loading=\"lazy\" width=\"1024\" height=\"768\" src=\"http:\/\/fleursdepave.fr\/wp-content\/uploads\/2020\/06\/t7-1024x768.jpg\" alt=\"\" class=\"wp-image-295\" srcset=\"https:\/\/fleursdepave.fr\/wp-content\/uploads\/2020\/06\/t7-1024x768.jpg 1024w, https:\/\/fleursdepave.fr\/wp-content\/uploads\/2020\/06\/t7-300x225.jpg 300w, https:\/\/fleursdepave.fr\/wp-content\/uploads\/2020\/06\/t7-768x576.jpg 768w, https:\/\/fleursdepave.fr\/wp-content\/uploads\/2020\/06\/t7.jpg 1184w\" sizes=\"(max-width: 1024px) 100vw, 1024px\" \/><\/figure>\n\n\n\n<figure class=\"wp-block-image size-large\"><img loading=\"lazy\" width=\"1024\" height=\"768\" src=\"http:\/\/fleursdepave.fr\/wp-content\/uploads\/2020\/06\/t6-1024x768.jpg\" alt=\"\" class=\"wp-image-296\" srcset=\"https:\/\/fleursdepave.fr\/wp-content\/uploads\/2020\/06\/t6-1024x768.jpg 1024w, https:\/\/fleursdepave.fr\/wp-content\/uploads\/2020\/06\/t6-300x225.jpg 300w, https:\/\/fleursdepave.fr\/wp-content\/uploads\/2020\/06\/t6-768x576.jpg 768w, https:\/\/fleursdepave.fr\/wp-content\/uploads\/2020\/06\/t6.jpg 1184w\" sizes=\"(max-width: 1024px) 100vw, 1024px\" \/><\/figure>\n\n\n\n<figure class=\"wp-block-image size-large\"><img loading=\"lazy\" width=\"1024\" height=\"768\" src=\"http:\/\/fleursdepave.fr\/wp-content\/uploads\/2020\/06\/t6-1024x768.jpg\" alt=\"\" class=\"wp-image-296\" srcset=\"https:\/\/fleursdepave.fr\/wp-content\/uploads\/2020\/06\/t6-1024x768.jpg 1024w, https:\/\/fleursdepave.fr\/wp-content\/uploads\/2020\/06\/t6-300x225.jpg 300w, https:\/\/fleursdepave.fr\/wp-content\/uploads\/2020\/06\/t6-768x576.jpg 768w, https:\/\/fleursdepave.fr\/wp-content\/uploads\/2020\/06\/t6.jpg 1184w\" sizes=\"(max-width: 1024px) 100vw, 1024px\" \/><\/figure>\n\n\n\n<figure class=\"wp-block-image size-large\"><img loading=\"lazy\" width=\"703\" height=\"937\" src=\"http:\/\/fleursdepave.fr\/wp-content\/uploads\/2020\/06\/t5.jpg\" alt=\"\" class=\"wp-image-297\" srcset=\"https:\/\/fleursdepave.fr\/wp-content\/uploads\/2020\/06\/t5.jpg 703w, https:\/\/fleursdepave.fr\/wp-content\/uploads\/2020\/06\/t5-225x300.jpg 225w\" sizes=\"(max-width: 703px) 100vw, 703px\" \/><\/figure>\n\n\n\n<figure class=\"wp-block-image size-large\"><img loading=\"lazy\" width=\"1024\" height=\"768\" src=\"http:\/\/fleursdepave.fr\/wp-content\/uploads\/2020\/06\/t8-1024x768.jpg\" alt=\"\" class=\"wp-image-298\" srcset=\"https:\/\/fleursdepave.fr\/wp-content\/uploads\/2020\/06\/t8-1024x768.jpg 1024w, https:\/\/fleursdepave.fr\/wp-content\/uploads\/2020\/06\/t8-300x225.jpg 300w, https:\/\/fleursdepave.fr\/wp-content\/uploads\/2020\/06\/t8-768x576.jpg 768w, https:\/\/fleursdepave.fr\/wp-content\/uploads\/2020\/06\/t8.jpg 1184w\" sizes=\"(max-width: 1024px) 100vw, 1024px\" \/><\/figure>\n","protected":false},"excerpt":{"rendered":"<p>Article de T\u00e9l\u00e9gramme Les Jardins Eph\u00e9m\u00e8res, offrent unebalade v\u00e9g\u00e9tale dans le c\u0153ur historique et les quartiers de Vannes, Une initiative qui restera comme une premi\u00e8re en France, concept repris aujourd\u2019hui par d\u2019autres villes. Les membres de l&rsquo;association Fleurs de pav\u00e9 ont lanc\u00e9s la cr\u00e9ation d&rsquo;un jardin \u00e9ph\u00e9m\u00e8re dans le quartier Nord-Gare. Si vous souhaitez participer<br \/><a class=\"moretag\" href=\"https:\/\/fleursdepave.fr\/?p=287\">+ Read More<\/a><\/p>\n","protected":false},"author":1,"featured_media":0,"comment_status":"open","ping_status":"open","sticky":false,"template":"","format":"standard","meta":[],"categories":[5],"tags":[],"_links":{"self":[{"href":"https:\/\/fleursdepave.fr\/index.php?rest_route=\/wp\/v2\/posts\/287"}],"collection":[{"href":"https:\/\/fleursdepave.fr\/index.php?rest_route=\/wp\/v2\/posts"}],"about":[{"href":"https:\/\/fleursdepave.fr\/index.php?rest_route=\/wp\/v2\/types\/post"}],"author":[{"embeddable":true,"href":"https:\/\/fleursdepave.fr\/index.php?rest_route=\/wp\/v2\/users\/1"}],"replies":[{"embeddable":true,"href":"https:\/\/fleursdepave.fr\/index.php?rest_route=%2Fwp%2Fv2%2Fcomments&post=287"}],"version-history":[{"count":4,"href":"https:\/\/fleursdepave.fr\/index.php?rest_route=\/wp\/v2\/posts\/287\/revisions"}],"predecessor-version":[{"id":309,"href":"https:\/\/fleursdepave.fr\/index.php?rest_route=\/wp\/v2\/posts\/287\/revisions\/309"}],"wp:attachment":[{"href":"https:\/\/fleursdepave.fr\/index.php?rest_route=%2Fwp%2Fv2%2Fmedia&parent=287"}],"wp:term":[{"taxonomy":"category","embeddable":true,"href":"https:\/\/fleursdepave.fr\/index.php?rest_route=%2Fwp%2Fv2%2Fcategories&post=287"},{"taxonomy":"post_tag","embeddable":true,"href":"https:\/\/fleursdepave.fr\/index.php?rest_route=%2Fwp%2Fv2%2Ftags&post=287"}],"curies":[{"name":"wp","href":"https:\/\/api.w.org\/{rel}","templated":true}]}}